{"id":36718,"date":"2021-11-11T09:27:45","date_gmt":"2021-11-11T08:27:45","guid":{"rendered":"https:\/\/www.pixolum.com\/blog\/?p=36718"},"modified":"2021-11-11T09:27:45","modified_gmt":"2021-11-11T08:27:45","slug":"nebelfotos","status":"publish","type":"post","link":"https:\/\/www.pixolum.com\/blog\/fotografie\/nebelfotos","title":{"rendered":"Nebelfotos \u1405 5 Tipps f\u00fcr garantiert stimmungsvolle Fotos!"},"content":{"rendered":"<p><strong>Nebelfotos haben immer eine ganz eigene, mystische Stimmung. Mit dem Herbst beginnt die Hochzeit des Nebels. Jetzt kannst du also dieses Naturph\u00e4nomen nutzen, um deinen Fotos einen ganz besonderen Touch zu geben. Was du dabei beachten musst und wie dir besonders stimmungsvolle Nebelfotos gelingen, das werde ich dir in diesem Artikel erkl\u00e4ren.<\/strong><\/p>\n<figure id=\"attachment_36720\" aria-describedby=\"caption-attachment-36720\" style=\"width: 800px\" class=\"wp-caption alignnone\"><img loading=\"lazy\" decoding=\"async\" class=\"wp-image-36720 size-large\" src=\"https:\/\/www.pixolum.com\/blog\/wp-content\/uploads\/2021\/11\/Nebelstimmung-Lu\u0308neburger-Heide-1024x649.jpg\" alt=\"Nebelfotos wie dieses aus der L\u00fcneburger Heide bringen besonders sch\u00f6ne Stimmungen\" width=\"800\" height=\"507\" title=\"\" srcset=\"https:\/\/www.pixolum.com\/blog\/wp-content\/uploads\/2021\/11\/Nebelstimmung-Lu\u0308neburger-Heide-1024x649.jpg 1024w, https:\/\/www.pixolum.com\/blog\/wp-content\/uploads\/2021\/11\/Nebelstimmung-Lu\u0308neburger-Heide-380x241.jpg 380w, https:\/\/www.pixolum.com\/blog\/wp-content\/uploads\/2021\/11\/Nebelstimmung-Lu\u0308neburger-Heide-768x487.jpg 768w, https:\/\/www.pixolum.com\/blog\/wp-content\/uploads\/2021\/11\/Nebelstimmung-Lu\u0308neburger-Heide-1536x974.jpg 1536w, https:\/\/www.pixolum.com\/blog\/wp-content\/uploads\/2021\/11\/Nebelstimmung-Lu\u0308neburger-Heide-2048x1298.jpg 2048w\" sizes=\"auto, (max-width: 800px) 100vw, 800px\" \/><figcaption id=\"caption-attachment-36720\" class=\"wp-caption-text\">Nebel erm\u00f6glicht es dir besondere Stimmungen in deine Fotos zu bringen (@Pascal Wieczorek)<\/figcaption><\/figure>\n<h2>Nebel und Fotografie<\/h2>\n<p>F\u00fcr ein perfektes Landschaftsfoto braucht es nicht nur eine sch\u00f6ne Landschaft, sondern auch eine <strong>au\u00dfergew\u00f6hnliche Stimmung<\/strong>. Das kann ein ausgesprochen sch\u00f6nes Licht sein, ein gewaltiger Sturm oder eben eine Szene sein, die teils durch Nebel eingeh\u00fcllt wird. Nebel bringt in jedes Bild eine besondere, oftmals geheimnisvolle oder mystische Stimmung. Und weil der Nebel ein Stilmittel ist, das relativ leicht verf\u00fcgbar und zeitgleich ein so kraftvolles Tool ist, widmen wir uns heute gemeinsam diesem Thema. Doch bevor wir mit den Fototipps durchstarten gebe ich dir noch ein paar wichtige theoretische Hintergr\u00fcnde mit auf den Weg.<\/p>\n<h2>Was ist Nebel?<\/h2>\n<div class=\"pixol-adsense-mitte-beginn-artiel\" style=\"float: right;\" id=\"pixol-3919635212\"><script async type=\"text\/javascript\" src=\"\/\/cdn.carbonads.com\/carbon.js?serve=CE7IL2JM&placement=wwwpixolumcom\" id=\"_carbonads_js\"><\/script><\/div><p>Warum ich mit der Theorie starte? Ganz einfach: wenn du wei\u00dft, was Nebel ist und wie dieser entsteht, dann kannst du diesen auch (bis zu einem gewissen Ma\u00dfe) hervorsagen. Das wiederum hilft dir deine Fotos besser zu planen und perfekt vorbereitet auf Fototour zu gehen.<\/p>\n<p>Daher starten wir im ersten Schritt damit, zu schauen, was eigentlich Nebel ist. Und die Erkl\u00e4rung ist schnell geliefert: <strong>Nebel ist nichts anderes, als Wolken sind.<\/strong> N\u00e4mlich sehr kleine <a href=\"https:\/\/www.pixolum.com\/blog\/fotografie\/wassertropfen-fotografieren-anleitung-und-einstellungen\">Wassertropfen<\/a>, die sich in der Luft gebildet haben. Diese schweben quasi durch die Luft und reflektieren das Licht. Und so nimmt uns der Nebel, wenn er besonders dicht ist, die Sicht.<\/p>\n<figure id=\"attachment_36724\" aria-describedby=\"caption-attachment-36724\" style=\"width: 683px\" class=\"wp-caption alignnone\"><img loading=\"lazy\" decoding=\"async\" class=\"size-large wp-image-36724\" src=\"https:\/\/www.pixolum.com\/blog\/wp-content\/uploads\/2021\/11\/Mystische-Nebelstimmung-1-683x1024.jpg\" alt=\"Ein Baum ohne Bl\u00e4tter wird von Nebel eingeschlossen\" width=\"683\" height=\"1024\" title=\"\" srcset=\"https:\/\/www.pixolum.com\/blog\/wp-content\/uploads\/2021\/11\/Mystische-Nebelstimmung-1-683x1024.jpg 683w, https:\/\/www.pixolum.com\/blog\/wp-content\/uploads\/2021\/11\/Mystische-Nebelstimmung-1-200x300.jpg 200w, https:\/\/www.pixolum.com\/blog\/wp-content\/uploads\/2021\/11\/Mystische-Nebelstimmung-1-768x1152.jpg 768w, https:\/\/www.pixolum.com\/blog\/wp-content\/uploads\/2021\/11\/Mystische-Nebelstimmung-1-1024x1536.jpg 1024w, https:\/\/www.pixolum.com\/blog\/wp-content\/uploads\/2021\/11\/Mystische-Nebelstimmung-1-1366x2048.jpg 1366w, https:\/\/www.pixolum.com\/blog\/wp-content\/uploads\/2021\/11\/Mystische-Nebelstimmung-1.jpg 1667w\" sizes=\"auto, (max-width: 683px) 100vw, 683px\" \/><figcaption id=\"caption-attachment-36724\" class=\"wp-caption-text\">Nebel ist ein Garant f\u00fcr mystische Stimmung in deinen Bildern (@Pascal Wieczorek)<\/figcaption><\/figure>\n<h2>Wie entsteht Nebel?<\/h2>\n<p>Jetzt fragst du dich vielleicht, wie diese Wassertropfen in unsere Luft kommen?<\/p><div class=\"pixol-inhalt_3\" style=\"margin-bottom: 30px;\" id=\"pixol-4131435783\"><h4>Kennst du schon meine 52 weltbesten Spickzettel?<\/h4>\r\n<div class=\"spickteaser\">\r\n<div class=\"row\">\r\n<div class=\"col-sm-7\">\r\n\t<a href=\"https:\/\/www.pixolum.com\/blog\/downloads\/fotografie-spickzettel?utm_source=pixolum&utm_medium=blog_inarticle&utm_campaign=spk_pix_sale_30&utm_term=p79\"><img class=\"alignnone size-full wp-image-8300\" src=\"https:\/\/www.pixolum.com\/blog\/wp-content\/uploads\/2020\/10\/Fotospickzettel-pixolum-500px.jpg\" alt=\"Fotografie Spickzettel\" loading=\u201dlazy\u201d \/><\/a>\r\n\t<\/div>\r\n<div class=\"col-sm-5\">\r\n<a href=\"https:\/\/www.pixolum.com\/blog\/downloads\/fotografie-spickzettel?utm_source=pixolum&utm_medium=blog_inarticle&utm_campaign=spk_pix_sale_30&utm_term=p79\">\r\n\t<ul class=\"check_icon_list check_icon_list--spickzettel\">\r\n\t\t<li>Mein ganzes Fotowissen<\/li>\r\n\t\t<li>Bessere Fotos in 5 Minuten<\/li>\r\n\t\t<li>Referenz zum Nachschlagen<\/li>\r\n\t\t<li>Kompakt, immer dabei!<\/li>\r\n\t\t<li>Rabatt nicht verpassen!<b><span>-50%<\/span><\/b><\/li>\r\n\t<\/ul>\r\n\t<div class=\"trenner_30\"><\/div>\r\n<\/a>\r\n<a href=\"https:\/\/www.pixolum.com\/blog\/downloads\/fotografie-spickzettel?utm_source=pixolum&utm_medium=blog_inarticle&utm_campaign=spk_pix_sale_30&utm_term=p79\" class=\"btn btn-primary btn-lg btn-block\">Ou ja, zeig mal!<\/a><\/div>\r\n<\/div>\r\n<\/div>\r\n<hr><\/div>\n<p>Das ist gar nicht so schwer zu erkl\u00e4ren, daher gebe ich dir eine kurze und sehr vereinfachte Erkl\u00e4rung dazu. Das Grundrezept f\u00fcr Nebel besteht aus <strong>Temperaturunterschieden<\/strong> <strong>und hoher Luftfeuchtigkeit<\/strong>.<\/p>\n<p>Hohe Luftfeuchtigkeit bedeutet, dass sich in der Luft viele Wassertropfen befinden. Durch die Sonne und hohe verdunsten diese tags\u00fcber. In der Nacht wiederum sinken die Temperaturen, was dazu f\u00fchrt, dass das Wasser wieder kondensiert, also fl\u00fcssig wird. Das ist dann der Nebel. Jetzt wei\u00dft du auch, warum insbesondere der Herbst Nebelzeit ist. Denn im Herbst sind die Tage noch l\u00e4nger und sonnig, w\u00e4hrend es in der Nacht schon beginnt k\u00e4lter zu werden. So entstehen die hohen Temperaturunterschiede, die es braucht, um <a href=\"https:\/\/www.weltderphysik.de\/thema\/hinter-den-dingen\/wie-entsteht-nebel\/\" target=\"_blank\" rel=\"noopener\">Nebel<\/a> entstehen zu lassen. Es gibt auch andere Varianten der Nebelentstehung, zum Beispiel an Seen. Hier verdunstet das Wasser des Sees in kalte Luft und schon entsteht Nebel. Gerade im Herbst solltest du <a href=\"https:\/\/www.pixolum.com\/blog\/fotografie\/daemmerung-buergerlich-nautisch-astronomisch\">morgens<\/a> also deinen Lieblingsseen einen Besuch abstatten!<\/p>\n<div class=\"tippbox\">\n<h5>Nebel vorhersagen<\/h5>\n<p>Mit den Informationen aus der Theorie kannst du nun versuchen Nebel vorherzusagen. Dazu kannst du Wetterkarten bzw. -dienste nutzen. Oder du machst es dir leicht und nutzt eine App wie <a href=\"https:\/\/clearoutside.com\/page\/app\/\" target=\"_blank\" rel=\"noopener\">Clear Outside<\/a>. Diese liefert dir verschiedene Informationen und Vorhersagen zu deinem oder einem beliebigen Standort. Und hier gibt es einen eigenen Score f\u00fcr das Auftreten von Nebel. Je h\u00f6her dieser ist (max. 100), desto h\u00f6her die Wahrscheinlichkeit, dass Nebel auftritt.<\/p>\n<\/div>\n<div class=\"youtube-responsive-container\"><iframe loading=\"lazy\" title=\"5 Simple APPS for LANDSCAPE PHOTOGRAPHY\" width=\"800\" height=\"450\" src=\"https:\/\/www.youtube.com\/embed\/VLAuuYb0JDU?feature=oembed\" frameborder=\"0\" allow=\"accelerometer; autoplay; clipboard-write; encrypted-media; gyroscope; picture-in-picture\" allowfullscreen><\/iframe><\/div>\n<h2>Tipps f\u00fcr stimmungsvolle Nebelfotos<\/h2>\n<p>Genug der Theorie &#8211; wir gehen ins Eingemachte. In den kommenden Abschnitten werde ich dir ein paar Tipps geben, in welchen Situationen und wie du Nebel gezielt einsetzen kannst.<\/p>\n<h3><span class=\"headingSquareNumber\">#1<\/span> Nebel und Sonnenstrahlen<\/h3>\n<p>Sto\u00dfen Nebel und Sonnenstrahlen aufeinander, ergibt sich immer ein <strong>besonders sch\u00f6nes Schauspiel<\/strong>. Denn durch den Nebel wird das Licht der Sonne diffuser und die Sonnenstrahlen sichtbarer. Dadurch ergibt sich ein toller <a href=\"https:\/\/www.pixolum.com\/blog\/fotografie\/sonnensterne-fotografieren\">Effekt wie in dem Bild<\/a> unten im Wald. Wenn du also Nebel an deinem Fotospot hast, schau, ob du die Sonne so in dein Bild einbinden kannst, dass sie durch den Nebel scheint. Um den Effekt noch deutlicher zu machen, kannst du direkt gegen die Sonne fotografieren.<\/p>\n<figure id=\"attachment_36725\" aria-describedby=\"caption-attachment-36725\" style=\"width: 683px\" class=\"wp-caption alignnone\"><img loading=\"lazy\" decoding=\"async\" class=\"size-large wp-image-36725\" src=\"https:\/\/www.pixolum.com\/blog\/wp-content\/uploads\/2021\/11\/Nebel-und-Sonne-683x1024.jpg\" alt=\"Die Sonne scheint an einem nebeligen Morgen durch die B\u00e4ume\" width=\"683\" height=\"1024\" title=\"\" srcset=\"https:\/\/www.pixolum.com\/blog\/wp-content\/uploads\/2021\/11\/Nebel-und-Sonne-683x1024.jpg 683w, https:\/\/www.pixolum.com\/blog\/wp-content\/uploads\/2021\/11\/Nebel-und-Sonne-200x300.jpg 200w, https:\/\/www.pixolum.com\/blog\/wp-content\/uploads\/2021\/11\/Nebel-und-Sonne-768x1152.jpg 768w, https:\/\/www.pixolum.com\/blog\/wp-content\/uploads\/2021\/11\/Nebel-und-Sonne-1024x1536.jpg 1024w, https:\/\/www.pixolum.com\/blog\/wp-content\/uploads\/2021\/11\/Nebel-und-Sonne-1365x2048.jpg 1365w, https:\/\/www.pixolum.com\/blog\/wp-content\/uploads\/2021\/11\/Nebel-und-Sonne-scaled.jpg 1707w\" sizes=\"auto, (max-width: 683px) 100vw, 683px\" \/><figcaption id=\"caption-attachment-36725\" class=\"wp-caption-text\">Der Nebel verst\u00e4rkt das einfallende Sonnenlicht und erzeugt ganz besondere Lichtstimmungen (@Pascal Wieczorek)<\/figcaption><\/figure>\n<h3><span class=\"headingSquareNumber\">#2<\/span> Nebel in der Natur<\/h3>\n<p>Nebelfotos sind in der Regel Landschaftsfotografien. Kein Wunder, denn der Nebel taucht in W\u00e4ldern und an Seen am h\u00e4ufigsten auf. Daher solltest du unbedingt raus in die Natur, wenn die Vorhersage Nebel anzeigt.<\/p>\n<p>Im Wald hilft der Nebel auf besondere Weise bei der Bildgestaltung: denn <strong>durch den Nebel werden Objektive voneinander getrennt<\/strong>. Unter normalen Umst\u00e4nden herrscht im Wald eher Chaos. B\u00e4ume wachsen wild durcheinander, Zweige ragen von links nach rechts und quer durch dein Bild.<\/p>\n<p>Bist du nun bei nebligen Bedingungen im Wald unterwegs, kannst du gezielt Motive mit dem Nebel freistellen. Denn durch den Dunst und das farblose Aussehen des Nebels verschwinden alle Ablenkungen hinter dem Nebel. Das funktioniert wunderbar auch bei Moor- oder Heidelandschaften, wie das Bild unten zeigt.<\/p>\n<figure id=\"attachment_36728\" aria-describedby=\"caption-attachment-36728\" style=\"width: 800px\" class=\"wp-caption alignnone\"><img loading=\"lazy\" decoding=\"async\" class=\"size-large wp-image-36728\" src=\"https:\/\/www.pixolum.com\/blog\/wp-content\/uploads\/2021\/11\/Nebel-und-Sonnenaufgang-1-819x1024.jpg\" alt=\"Ein Baum an einem nebligen Herbstmorgen\" width=\"800\" height=\"1000\" title=\"\" srcset=\"https:\/\/www.pixolum.com\/blog\/wp-content\/uploads\/2021\/11\/Nebel-und-Sonnenaufgang-1-819x1024.jpg 819w, https:\/\/www.pixolum.com\/blog\/wp-content\/uploads\/2021\/11\/Nebel-und-Sonnenaufgang-1-240x300.jpg 240w, https:\/\/www.pixolum.com\/blog\/wp-content\/uploads\/2021\/11\/Nebel-und-Sonnenaufgang-1-768x960.jpg 768w, https:\/\/www.pixolum.com\/blog\/wp-content\/uploads\/2021\/11\/Nebel-und-Sonnenaufgang-1-1229x1536.jpg 1229w, https:\/\/www.pixolum.com\/blog\/wp-content\/uploads\/2021\/11\/Nebel-und-Sonnenaufgang-1-1638x2048.jpg 1638w, https:\/\/www.pixolum.com\/blog\/wp-content\/uploads\/2021\/11\/Nebel-und-Sonnenaufgang-1.jpg 2000w\" sizes=\"auto, (max-width: 800px) 100vw, 800px\" \/><figcaption id=\"caption-attachment-36728\" class=\"wp-caption-text\">Insbesondere zum Sonnenaufgang entstehen mit Nebel tolle Stimmungen (@Pascal Wieczorek)<\/figcaption><\/figure>\n<h3><span class=\"headingSquareNumber\">#3<\/span> Nebel und Architektur<\/h3>\n<p>Ob in der Stadt oder bei Schl\u00f6ssern wie in diesem Bild &#8211; Nebel bringt auch hier immer eine besondere Stimmung in dein Foto. Gerade in Verbindung mit alten Geb\u00e4uden ergibt sich immer eine <strong>mystische und spannende Stimmung<\/strong>. Wenn du Wasserschl\u00f6sser in deiner N\u00e4he hast, statte diesen im Herbst \u00f6fter einen Besuch ab. Hier ergeben sich besonders gute Chancen auf sch\u00f6ne Nebelfotos.<\/p>\n<figure id=\"attachment_36726\" aria-describedby=\"caption-attachment-36726\" style=\"width: 800px\" class=\"wp-caption alignnone\"><img loading=\"lazy\" decoding=\"async\" class=\"size-large wp-image-36726\" src=\"https:\/\/www.pixolum.com\/blog\/wp-content\/uploads\/2021\/11\/Schloss-Nordkirchen-im-Nebel-1024x576.jpg\" alt=\"Ein Schloss eingeh\u00fcllt in Nebel\" width=\"800\" height=\"450\" title=\"\" srcset=\"https:\/\/www.pixolum.com\/blog\/wp-content\/uploads\/2021\/11\/Schloss-Nordkirchen-im-Nebel-1024x576.jpg 1024w, https:\/\/www.pixolum.com\/blog\/wp-content\/uploads\/2021\/11\/Schloss-Nordkirchen-im-Nebel-380x214.jpg 380w, https:\/\/www.pixolum.com\/blog\/wp-content\/uploads\/2021\/11\/Schloss-Nordkirchen-im-Nebel-768x432.jpg 768w, https:\/\/www.pixolum.com\/blog\/wp-content\/uploads\/2021\/11\/Schloss-Nordkirchen-im-Nebel-1536x864.jpg 1536w, https:\/\/www.pixolum.com\/blog\/wp-content\/uploads\/2021\/11\/Schloss-Nordkirchen-im-Nebel-2048x1152.jpg 2048w\" sizes=\"auto, (max-width: 800px) 100vw, 800px\" \/><figcaption id=\"caption-attachment-36726\" class=\"wp-caption-text\">Nebel ist nicht nur f\u00fcr Naturfotograf:innen interessant. Auch Geb\u00e4ude bekommen eine besondere Stimmung, wenn sie durch den Nebel verh\u00fcllt werden (@Pascal Wieczorek)<\/figcaption><\/figure>\n<h2><strong style=\"font-size: 34px; letter-spacing: -1px;\">Tipps f\u00fcr die Bildbearbeitung<\/strong><\/h2>\n<p>Du hast nun erfolgreich Nebelfotos auf den Sensor deiner Kamera gebannt. Im n\u00e4chsten Schritt gilt es in der <a href=\"https:\/\/www.pixolum.com\/blog\/fotografie\/radialfilter-lightroom\">Bildbearbeitung<\/a> das Maximum aus deinen Aufnahmen zu holen. Dazu gebe ich dir abschlie\u00dfend noch zwei Tipps mit auf den Weg.<\/p>\n<h3><span class=\"headingSquareNumber\">#4<\/span> Nebel verst\u00e4rken<\/h3>\n<p>In der Bildbearbeitung gibst du deinen Nebelfotos den letzten Schliff. Durch den gezielten Einsatz von Reglern wie\u00a0<strong>Dunst entfernen<\/strong>, <strong>Licht<\/strong> und <strong>Wei\u00df<\/strong> (Lightroom) kannst du den Nebel noch unterstreichen. Gerade der erstgenannte Regler unterstreicht diesen Effekt, wenn du ihn in negative Werte ziehst.<\/p>\n<p>Die Werte des Wei\u00df- und des Lichtreglers kannst du vorsichtig und leicht erh\u00f6hen, um den Nebel noch zu intensivieren. Genau dieses Vorgehen habe ich in dem unteren Bild genutzt, das ich an einem sch\u00f6nen Morgen an einer Moorlandschaft aufgenommen habe.<\/p>\n<figure id=\"attachment_36729\" aria-describedby=\"caption-attachment-36729\" style=\"width: 683px\" class=\"wp-caption alignnone\"><img loading=\"lazy\" decoding=\"async\" class=\"size-large wp-image-36729\" src=\"https:\/\/www.pixolum.com\/blog\/wp-content\/uploads\/2021\/11\/Nebel-und-Sonne-am-Moor-683x1024.jpg\" alt=\"Goldene Stunde und Nebel am Moor\" width=\"683\" height=\"1024\" title=\"\" srcset=\"https:\/\/www.pixolum.com\/blog\/wp-content\/uploads\/2021\/11\/Nebel-und-Sonne-am-Moor-683x1024.jpg 683w, https:\/\/www.pixolum.com\/blog\/wp-content\/uploads\/2021\/11\/Nebel-und-Sonne-am-Moor-200x300.jpg 200w, https:\/\/www.pixolum.com\/blog\/wp-content\/uploads\/2021\/11\/Nebel-und-Sonne-am-Moor-768x1152.jpg 768w, https:\/\/www.pixolum.com\/blog\/wp-content\/uploads\/2021\/11\/Nebel-und-Sonne-am-Moor-1024x1536.jpg 1024w, https:\/\/www.pixolum.com\/blog\/wp-content\/uploads\/2021\/11\/Nebel-und-Sonne-am-Moor-1366x2048.jpg 1366w, https:\/\/www.pixolum.com\/blog\/wp-content\/uploads\/2021\/11\/Nebel-und-Sonne-am-Moor.jpg 1667w\" sizes=\"auto, (max-width: 683px) 100vw, 683px\" \/><figcaption id=\"caption-attachment-36729\" class=\"wp-caption-text\">In der Bildbearbeitung kannst du die faszinierende Nebelstimmung noch verst\u00e4rken (@Pascal Wieczorek)<\/figcaption><\/figure>\n<h3><span class=\"headingSquareNumber\">#5<\/span> Nebel k\u00fcnstlich hinzuf\u00fcgen<\/h3>\n<p>In der Landschaftsfotografie sind wir immer auf die Gunst der Natur und die richtigen Bedingungen angewiesen. Manchmal macht uns genau dieser Umstand einen Strich durch die Rechnung. Wie gut also, dass es mittlerweile M\u00f6glichkeiten gibt, der Natur in der Bildbearbeitung auf die Spr\u00fcnge zu helfen!<\/p>\n<p>Daf\u00fcr gibt es f\u00fcr unterschiedliche Bildbearbeitungsprogramm sogenannte &#8222;<a href=\"https:\/\/www.adobe.com\/ch_de\/creativecloud\/photography\/discover\/overlay-images.html\" target=\"_blank\" rel=\"noopener\"><strong>Overlays<\/strong><\/a>&#8222;. Dies sind entweder hochaufl\u00f6sende Fotografien, mit denen du Nebel k\u00fcnstlich in deine Fotos bringen kannst. Diese legst du in der Bildbearbeitung \u00fcber dein eigentliches Foto (daher der Name). Alternativ gibt es auch Pinsel, die denselben Effekt haben. <a href=\"https:\/\/www.google.com\/search?q=fog+overlay+photoshop+free&amp;rlz=1C5CHFA_enDE962DE962&amp;oq=fog+overlay&amp;aqs=chrome.5.69i57j0i512l3j0i22i30l6.4286j0j15&amp;sourceid=chrome&amp;ie=UTF-8\" target=\"_blank\" rel=\"noopener\">Google<\/a> kann dir hier helfen sowohl kostenpflichtige, als auch kostenfreie Tools zu finden, um dies auszuprobieren.<\/p>\n<p>Wichtig bei dem Thema ist, dass du die k\u00fcnstliche &#8222;Nebelmaschine&#8220; mit Bedacht nutzt. \u00dcbertreibst du den Effekt, wird dieser schnell deutlich und dein Bild verliert an Wirkung. Ich habe dir hier ein Beispiel mitgebracht, welches ich in Photoshop in ein <strong>Nebelfoto<\/strong> verwandelt habe. Nutze den Slider, um den Unterschied zu sehen.<\/p>\n<div id=\"twenty20-1\" class=\"twenty20\" style=\"width: 100% !important; clear: both;\"><div class=\"twentytwenty-container twenty20-1 \"><img decoding=\"async\" src=\"https:\/\/www.pixolum.com\/blog\/wp-content\/uploads\/2021\/11\/Baum-ohne-Nebel-scaled.jpg\" alt=\"Before image\" title=\"\"\/><img decoding=\"async\" src=\"https:\/\/www.pixolum.com\/blog\/wp-content\/uploads\/2021\/11\/Baum-mit-ku\u0308nstlichem-Nebel-scaled.jpg\" alt=\"After image\" title=\"\"\/><\/div><\/div>\n<h2><span id=\"Teile_den_Artikel_mit_deinen_Freunden\">Teile den Artikel mit deinen Freunden!<\/span><\/h2>\n<p>Dir hat der Artikel gefallen? Dann teile diesen gern in deinen sozialen Netzwerken. Oder sende ihn direkt an Freundinnen und Freunde, denen du damit helfen kannst.<\/p>\n","protected":false},"excerpt":{"rendered":"<p>Nebelfotos haben immer eine ganz eigene, mystische Stimmung. Mit dem Herbst beginnt die Hochzeit des Nebels. Jetzt kannst du also dieses Naturph\u00e4nomen nutzen, um deinen Fotos einen ganz besonderen Touch zu geben. Was du dabei beachten musst und wie dir besonders stimmungsvolle Nebelfotos gelingen, das werde ich dir in diesem Artikel erkl\u00e4ren. Nebel und Fotografie [&hellip;]<\/p>\n","protected":false},"author":1174,"featured_media":36720,"comment_status":"open","ping_status":"closed","sticky":false,"template":"","format":"standard","meta":{"om_disable_all_campaigns":false,"footnotes":""},"categories":[2],"tags":[124,123,122],"class_list":["post-36718","post","type-post","status-publish","format-standard","has-post-thumbnail","hentry","category-fotografie","tag-bildgestaltung-bildkomposition","tag-fotografieren-lernen","tag-fotografie-tipps"],"_links":{"self":[{"href":"https:\/\/www.pixolum.com\/blog\/wp-json\/wp\/v2\/posts\/36718","targetHints":{"allow":["GET"]}}],"collection":[{"href":"https:\/\/www.pixolum.com\/blog\/wp-json\/wp\/v2\/posts"}],"about":[{"href":"https:\/\/www.pixolum.com\/blog\/wp-json\/wp\/v2\/types\/post"}],"author":[{"embeddable":true,"href":"https:\/\/www.pixolum.com\/blog\/wp-json\/wp\/v2\/users\/1174"}],"replies":[{"embeddable":true,"href":"https:\/\/www.pixolum.com\/blog\/wp-json\/wp\/v2\/comments?post=36718"}],"version-history":[{"count":10,"href":"https:\/\/www.pixolum.com\/blog\/wp-json\/wp\/v2\/posts\/36718\/revisions"}],"predecessor-version":[{"id":36814,"href":"https:\/\/www.pixolum.com\/blog\/wp-json\/wp\/v2\/posts\/36718\/revisions\/36814"}],"wp:featuredmedia":[{"embeddable":true,"href":"https:\/\/www.pixolum.com\/blog\/wp-json\/wp\/v2\/media\/36720"}],"wp:attachment":[{"href":"https:\/\/www.pixolum.com\/blog\/wp-json\/wp\/v2\/media?parent=36718"}],"wp:term":[{"taxonomy":"category","embeddable":true,"href":"https:\/\/www.pixolum.com\/blog\/wp-json\/wp\/v2\/categories?post=36718"},{"taxonomy":"post_tag","embeddable":true,"href":"https:\/\/www.pixolum.com\/blog\/wp-json\/wp\/v2\/tags?post=36718"}],"curies":[{"name":"wp","href":"https:\/\/api.w.org\/{rel}","templated":true}]}}