{"id":13743,"date":"2020-08-07T15:54:25","date_gmt":"2020-08-07T13:54:25","guid":{"rendered":"https:\/\/www.pixolum.com\/blog\/?p=13743"},"modified":"2020-11-01T10:00:04","modified_gmt":"2020-11-01T09:00:04","slug":"selbstportrait-natur","status":"publish","type":"post","link":"https:\/\/www.pixolum.com\/blog\/fotografie\/selbstportrait-natur","title":{"rendered":"Selbstportraits in der Natur | Meine besten Tipps"},"content":{"rendered":"<p><strong>Warum Selbstportraits in der Natur? Schon hunderte Jahre bevor das Wort \u201eSelfie\u201c erfunden wurde, war es im Kunsthandwerk und vor allem in der Malerei g\u00e4ngig, Selbstbildnisse zu erstellen. So soll sich zum Beispiel der griechische Bildhauer Phidias schon in der Antike auf einer Statue selbst verewigt haben. Richtig popul\u00e4r wurde das Selbstportrait dann in der Renaissance. Als sich die Menschen vermehrt mit ihrer eigenen Innenwelt auseinandersetzten und im Selbstbildnis auch ein Kommunikationsmittel sahen.<\/strong><\/p>\n<figure id=\"attachment_13750\" aria-describedby=\"caption-attachment-13750\" style=\"width: 800px\" class=\"wp-caption alignnone\"><img loading=\"lazy\" decoding=\"async\" class=\"wp-image-13750 size-large\" src=\"https:\/\/www.pixolum.com\/blog\/wp-content\/uploads\/2020\/08\/selbstportraits-selbstbildnis-800x533.jpg\" alt=\"selbstportraits selbstbildnis\" width=\"800\" height=\"533\" title=\"\" srcset=\"https:\/\/www.pixolum.com\/blog\/wp-content\/uploads\/2020\/08\/selbstportraits-selbstbildnis-800x533.jpg 800w, https:\/\/www.pixolum.com\/blog\/wp-content\/uploads\/2020\/08\/selbstportraits-selbstbildnis-250x167.jpg 250w, https:\/\/www.pixolum.com\/blog\/wp-content\/uploads\/2020\/08\/selbstportraits-selbstbildnis-768x512.jpg 768w, https:\/\/www.pixolum.com\/blog\/wp-content\/uploads\/2020\/08\/selbstportraits-selbstbildnis-1536x1024.jpg 1536w, https:\/\/www.pixolum.com\/blog\/wp-content\/uploads\/2020\/08\/selbstportraits-selbstbildnis-120x80.jpg 120w, https:\/\/www.pixolum.com\/blog\/wp-content\/uploads\/2020\/08\/selbstportraits-selbstbildnis.jpg 2048w\" sizes=\"auto, (max-width: 800px) 100vw, 800px\" \/><figcaption id=\"caption-attachment-13750\" class=\"wp-caption-text\">(@Anna-Lena Holm Photography)<\/figcaption><\/figure>\n<h2><span class=\"headingSquareNumber\">1<\/span> Eine gute \u00dcbung<\/h2>\n<p>Die Erstellung von <strong>Selbstportraits<\/strong> ist also auch heute noch interessant und gerade unter Fotografen sehr beliebt. Insbesondere f\u00fcr noch unerfahrene Fotografen ist das Selbstportrait eine sehr gute \u00dcbung, um sich mit allen m\u00f6glichen technischen und gestalterischen Elementen auseinandersetzen zu k\u00f6nnen. Zugleich schulst du damit dein Auge f\u00fcr Lichtverh\u00e4ltnisse und geeignete Hintergr\u00fcnde. Sich selbst hat man immer als Model zur Verf\u00fcgung und noch dazu kannst du ohne Zeitdruck alle deine Ideen ausprobieren.<\/p>\n<div class=\"pixol-adsense-mitte-beginn-artiel\" style=\"float: right;\" id=\"pixol-4074443619\"><script async type=\"text\/javascript\" src=\"\/\/cdn.carbonads.com\/carbon.js?serve=CE7IL2JM&placement=wwwpixolumcom\" id=\"_carbonads_js\"><\/script><\/div><p>Vor einigen Jahren experimentierte ich am liebsten mit m\u00e4rchenhaften Inszenierungen, intensiven Farbbearbeitungen und vielen fliessenden T\u00fcchern. Heute versuche ich eher authentische, ruhige Momente der Naturverbundenheit darzustellen und arbeite dabei sehr gerne mit harmonischen Farben und Unsch\u00e4rfen.<\/p>\n<figure id=\"attachment_13752\" aria-describedby=\"caption-attachment-13752\" style=\"width: 800px\" class=\"wp-caption alignnone\"><img loading=\"lazy\" decoding=\"async\" class=\"wp-image-13752 size-large\" src=\"https:\/\/www.pixolum.com\/blog\/wp-content\/uploads\/2020\/08\/selbstportraits-perspektive-800x800.jpg\" alt=\"selbstportrait im weissen kleid in winterlandschaft\" width=\"800\" height=\"800\" title=\"\" srcset=\"https:\/\/www.pixolum.com\/blog\/wp-content\/uploads\/2020\/08\/selbstportraits-perspektive-800x800.jpg 800w, https:\/\/www.pixolum.com\/blog\/wp-content\/uploads\/2020\/08\/selbstportraits-perspektive-250x250.jpg 250w, https:\/\/www.pixolum.com\/blog\/wp-content\/uploads\/2020\/08\/selbstportraits-perspektive-150x150.jpg 150w, https:\/\/www.pixolum.com\/blog\/wp-content\/uploads\/2020\/08\/selbstportraits-perspektive-768x768.jpg 768w, https:\/\/www.pixolum.com\/blog\/wp-content\/uploads\/2020\/08\/selbstportraits-perspektive-1536x1536.jpg 1536w, https:\/\/www.pixolum.com\/blog\/wp-content\/uploads\/2020\/08\/selbstportraits-perspektive.jpg 2048w, https:\/\/www.pixolum.com\/blog\/wp-content\/uploads\/2020\/08\/selbstportraits-perspektive-120x120.jpg 120w\" sizes=\"auto, (max-width: 800px) 100vw, 800px\" \/><figcaption id=\"caption-attachment-13752\" class=\"wp-caption-text\">(@Anna-Lena Holm Photography)<\/figcaption><\/figure>\n<h2><span class=\"headingSquareNumber\">2<\/span> Perspektivenwechsel<\/h2>\n<p>Meiner Meinung nach ist einer der gr\u00f6ssten Mehrwerte, dass man auch mal in die Rolle vor der Kamera wechselt. Vielen Kunden ist es bei einem <a href=\"https:\/\/www.pixolum.com\/blog\/modelbusiness\/vorbereitung-fotoshooting\">Shooting<\/a> am Anfang unangenehm vor einer professionellen Kamera zu stehen, besonders wenn sie damit noch keine Erfahrung haben. Grunds\u00e4tzlich denke ich aber, dass das Erlebnis eines Shootings, sowie die sch\u00f6nen Erinnerungen in Form von Fotografien, vielen Menschen Freude bereitet. Deshalb ist es mir wichtig, meine Kunden schnell \u00fcber die ersten Unsicherheiten hinweg zu begleiten, damit sie das Shooting geniessen k\u00f6nnen. Wenn du selbst vor der Kamera stehst, merkst du, auf welche Details du im <a href=\"https:\/\/www.pixolum.com\/blog\/modelbusiness\/model-posen\">Posen<\/a> und in der Kommunikation als Fotograf achten solltest.<\/p>\n<blockquote><p>Achte darauf, wie du dich selbst zu sch\u00f6nen Posen und insbesondere auch zu Gesichtsausdr\u00fccke und Handhaltungen leitest. Es kann auch sehr hilfreich sein, Posen zu Hause vor dem Spiegel auszuprobieren. Mir hilft das sehr, meine Kunden beim Shooting mit klaren Worten anzuweisen.<br \/>\n<cite>Anna-Lena Holm<\/cite><\/p><\/blockquote>\n<figure id=\"attachment_13773\" aria-describedby=\"caption-attachment-13773\" style=\"width: 800px\" class=\"wp-caption alignnone\"><img loading=\"lazy\" decoding=\"async\" class=\"wp-image-13773 size-large\" src=\"https:\/\/www.pixolum.com\/blog\/wp-content\/uploads\/2020\/08\/annalenaholm-3-800x800.jpg\" alt=\"frau steht hinter aesten mit blaetter seitlich\" width=\"800\" height=\"800\" title=\"\" srcset=\"https:\/\/www.pixolum.com\/blog\/wp-content\/uploads\/2020\/08\/annalenaholm-3-800x800.jpg 800w, https:\/\/www.pixolum.com\/blog\/wp-content\/uploads\/2020\/08\/annalenaholm-3-250x250.jpg 250w, https:\/\/www.pixolum.com\/blog\/wp-content\/uploads\/2020\/08\/annalenaholm-3-150x150.jpg 150w, https:\/\/www.pixolum.com\/blog\/wp-content\/uploads\/2020\/08\/annalenaholm-3-768x768.jpg 768w, https:\/\/www.pixolum.com\/blog\/wp-content\/uploads\/2020\/08\/annalenaholm-3-1536x1536.jpg 1536w, https:\/\/www.pixolum.com\/blog\/wp-content\/uploads\/2020\/08\/annalenaholm-3.jpg 2048w, https:\/\/www.pixolum.com\/blog\/wp-content\/uploads\/2020\/08\/annalenaholm-3-120x120.jpg 120w\" sizes=\"auto, (max-width: 800px) 100vw, 800px\" \/><figcaption id=\"caption-attachment-13773\" class=\"wp-caption-text\">(@Anna-Lena Holm Photography)<\/figcaption><\/figure>\n<h2><span class=\"headingSquareNumber\">3<\/span> Erinnerungsst\u00fccke<\/h2>\n<p>Es kann also auch einfach Spass machen, besondere Ideen f\u00fcr deine <strong>Selbstportraits<\/strong> auszuprobieren. Oder vielleicht geht es dir wie mir und du siehst es als eine tolle M\u00f6glichkeit, mehr Zeit in der Natur zu verbringen. Das Suchen nach Locations kann sich sogar wie eine Schatzsuche anf\u00fchlen und besonders wenn ich im Ausland <strong>Selbstportraits<\/strong> in unbekannten Landschaften mache, sind das f\u00fcr mich im Nachhinein sehr wertvolle Mitbringsel.<\/p><div class=\"pixol-inhalt_3\" style=\"margin-bottom: 30px;\" id=\"pixol-537826984\"><h4>Kennst du schon meine 52 weltbesten Spickzettel?<\/h4>\r\n<div class=\"spickteaser\">\r\n<div class=\"row\">\r\n<div class=\"col-sm-7\">\r\n\t<a href=\"https:\/\/www.pixolum.com\/blog\/downloads\/fotografie-spickzettel?utm_source=pixolum&utm_medium=blog_inarticle&utm_campaign=spk_pix_sale_30&utm_term=p79\"><img class=\"alignnone size-full wp-image-8300\" src=\"https:\/\/www.pixolum.com\/blog\/wp-content\/uploads\/2020\/10\/Fotospickzettel-pixolum-500px.jpg\" alt=\"Fotografie Spickzettel\" loading=\u201dlazy\u201d \/><\/a>\r\n\t<\/div>\r\n<div class=\"col-sm-5\">\r\n<a href=\"https:\/\/www.pixolum.com\/blog\/downloads\/fotografie-spickzettel?utm_source=pixolum&utm_medium=blog_inarticle&utm_campaign=spk_pix_sale_30&utm_term=p79\">\r\n\t<ul class=\"check_icon_list check_icon_list--spickzettel\">\r\n\t\t<li>Mein ganzes Fotowissen<\/li>\r\n\t\t<li>Bessere Fotos in 5 Minuten<\/li>\r\n\t\t<li>Referenz zum Nachschlagen<\/li>\r\n\t\t<li>Kompakt, immer dabei!<\/li>\r\n\t\t<li>Rabatt nicht verpassen!<b><span>-50%<\/span><\/b><\/li>\r\n\t<\/ul>\r\n\t<div class=\"trenner_30\"><\/div>\r\n<\/a>\r\n<a href=\"https:\/\/www.pixolum.com\/blog\/downloads\/fotografie-spickzettel?utm_source=pixolum&utm_medium=blog_inarticle&utm_campaign=spk_pix_sale_30&utm_term=p79\" class=\"btn btn-primary btn-lg btn-block\">Ou ja, zeig mal!<\/a><\/div>\r\n<\/div>\r\n<\/div>\r\n<hr><\/div>\n<blockquote><p>Dies ist eines meiner Lieblingsbilder. Aus dem einfachen Grund, weil es f\u00fcr mich eine wichtige, pers\u00f6nliche Geschichte enth\u00e4lt. Schon seit 10 Jahren begleitete mich dieser Ort immer in Gedanken und beeinflusste meine Entscheidungen. Den <a href=\"https:\/\/www.google.com\/search?q=Bryce+Canyon&amp;rlz=1C1CHBF_deCH785CH785&amp;oq=Bryce+Canyon&amp;aqs=chrome..69i57j46j0l6.990j0j4&amp;sourceid=chrome&amp;ie=UTF-8\" target=\"_blank\" rel=\"noopener\">Bryce Canyon<\/a> dann tats\u00e4chlich einmal mit eigenen Augen zu sehen &#8211; war einfach unvergesslich.<br \/>\n<cite>Anna-Lena Holm<\/cite><\/p><\/blockquote>\n<figure id=\"attachment_13753\" aria-describedby=\"caption-attachment-13753\" style=\"width: 800px\" class=\"wp-caption alignnone\"><img loading=\"lazy\" decoding=\"async\" class=\"wp-image-13753 size-large\" src=\"https:\/\/www.pixolum.com\/blog\/wp-content\/uploads\/2020\/08\/selbstportraits-erinnerung-800x533.jpg\" alt=\"frau posiert in huegellandschaft\" width=\"800\" height=\"533\" title=\"\" srcset=\"https:\/\/www.pixolum.com\/blog\/wp-content\/uploads\/2020\/08\/selbstportraits-erinnerung-800x533.jpg 800w, https:\/\/www.pixolum.com\/blog\/wp-content\/uploads\/2020\/08\/selbstportraits-erinnerung-250x167.jpg 250w, https:\/\/www.pixolum.com\/blog\/wp-content\/uploads\/2020\/08\/selbstportraits-erinnerung-768x512.jpg 768w, https:\/\/www.pixolum.com\/blog\/wp-content\/uploads\/2020\/08\/selbstportraits-erinnerung-1536x1024.jpg 1536w, https:\/\/www.pixolum.com\/blog\/wp-content\/uploads\/2020\/08\/selbstportraits-erinnerung-120x80.jpg 120w, https:\/\/www.pixolum.com\/blog\/wp-content\/uploads\/2020\/08\/selbstportraits-erinnerung.jpg 2048w\" sizes=\"auto, (max-width: 800px) 100vw, 800px\" \/><figcaption id=\"caption-attachment-13753\" class=\"wp-caption-text\">(@Anna-Lena Holm Photography)<\/figcaption><\/figure>\n<h2><span class=\"headingSquareNumber\">4<\/span> Kommunikationsmittel<\/h2>\n<p>Neben der \u00dcbung und dem Spass k\u00f6nnen Selbstportraits aber auch ein Kommunikationsmittel und eine M\u00f6glichkeit zur Auseinandersetzung mit einem Thema sein. Wie schon in der <a href=\"https:\/\/de.wikipedia.org\/wiki\/Renaissance\" target=\"_blank\" rel=\"noopener\">Renaissance<\/a>, nutzen auch heute noch viele K\u00fcnstler das Selbstportrait f\u00fcr die Verarbeitung von wichtigen Themen, sowie f\u00fcr die visuelle Darstellung der eigenen Meinung. F\u00fcr mich war fast von Anfang an das Thema Natur ein zentraler Punkt. So verhalf mir die Fotografie auch, meine eigene Perspektive auf die Natur zu reflektieren und meine Sichtweise zu visualisieren.<\/p>\n<p>Mensch und Natur sehe ich als Einheit, in Harmonie miteinander. Lange war mir selbst nicht klar, ob ich vielleicht nur ein idealisiertes Bild von der Natur im Kopf habe. Durch die intensive Besch\u00e4ftigung mit dem Thema, wurde mir aber klar: Mensch und Natur sind unzertrennlich, denn wir sind nichts anderes als die Natur selbst. Es ist eine Illusion, dass wir uns getrennt von ihr wahrnehmen und meiner Meinung nach, ist diese Wahrnehmung auch mitverantwortlich f\u00fcr die anhaltende Zerst\u00f6rung unserer eigenen Welt. Den Schaden, den wir unserer Umwelt antun, tun wir auch uns selbst an.<\/p>\n<figure id=\"attachment_13754\" aria-describedby=\"caption-attachment-13754\" style=\"width: 800px\" class=\"wp-caption alignnone\"><img loading=\"lazy\" decoding=\"async\" class=\"wp-image-13754 size-large\" src=\"https:\/\/www.pixolum.com\/blog\/wp-content\/uploads\/2020\/08\/selbstportraits-natur-800x800.jpg\" alt=\"selbstportrait in mitten eines waldes mit gruenem kleid\" width=\"800\" height=\"800\" title=\"\" srcset=\"https:\/\/www.pixolum.com\/blog\/wp-content\/uploads\/2020\/08\/selbstportraits-natur-800x800.jpg 800w, https:\/\/www.pixolum.com\/blog\/wp-content\/uploads\/2020\/08\/selbstportraits-natur-250x250.jpg 250w, https:\/\/www.pixolum.com\/blog\/wp-content\/uploads\/2020\/08\/selbstportraits-natur-150x150.jpg 150w, https:\/\/www.pixolum.com\/blog\/wp-content\/uploads\/2020\/08\/selbstportraits-natur-768x768.jpg 768w, https:\/\/www.pixolum.com\/blog\/wp-content\/uploads\/2020\/08\/selbstportraits-natur-1536x1536.jpg 1536w, https:\/\/www.pixolum.com\/blog\/wp-content\/uploads\/2020\/08\/selbstportraits-natur.jpg 2048w, https:\/\/www.pixolum.com\/blog\/wp-content\/uploads\/2020\/08\/selbstportraits-natur-120x120.jpg 120w\" sizes=\"auto, (max-width: 800px) 100vw, 800px\" \/><figcaption id=\"caption-attachment-13754\" class=\"wp-caption-text\">(@Anna-Lena Holm Photography)<\/figcaption><\/figure>\n<h2><span class=\"headingSquareNumber\">5<\/span> Verantwortungsvolles Fotografieren<\/h2>\n<p>Da es mein Ziel war, den Wert und die Sch\u00f6nheit der Natur zu repr\u00e4sentieren und damit einen respektvollen Umgang mit Natur zu inspirieren, m\u00f6chte ich an dieser Stelle auch noch erw\u00e4hnen, dass man als Fotograf nat\u00fcrlich auch immer viel Verantwortung tr\u00e4gt. Genauso, wie es leider auch immer noch viele einseitige Sch\u00f6nheitsideale in der <a href=\"https:\/\/www.pixolum.com\/blog\/fotografie\/fashion-fotografie-studio-tipps-anfaenger\">Modefotografie<\/a> gibt oder fragw\u00fcrdige Abbildungen in der Werbung, so sollte man sich auch bewusst sein, dass auch Fotos mit und von der Natur Auswirkungen haben k\u00f6nnen.<\/p>\n<h3>Beispiel: Wildblumen<\/h3>\n<p>Mir \u00f6ffnete diesbez\u00fcglich eine Reise nach Kalifornien die Augen. Dort gibt es n\u00e4mlich oft im Fr\u00fchling das Problem, dass Menschen Fotos von sich, umgeben von Wildblumen, auf sozialen Medien posten und damit andere Menschen wiederum animieren, sich auch in die Wildblumen zu legen und sich so zu fotografieren. Bei der riesigen Menge an Menschen kann jedoch innerhalb k\u00fcrzester Zeit ein nachhaltiger Schaden in der Natur angerichtet werden. Bei jedem Tritt ausserhalb der Wege, werden die Wildblumen etwas mehr verdr\u00e4ngt, bis wieder ein neuer Weg entstanden ist. Von da aus wird wieder abseits der Wege gelaufen und fotografiert, bis irgendwann kaum noch etwas von der urspr\u00fcnglichen Blumenwiese da ist.<\/p>\n<p>Daher ist es so wichtig, sich bei jedem Foto an die lokalen Naturschutzregeln zu halten und im Idealfall sogar noch einen Schritt weiterzugehen. Eine sch\u00f6ne Herausforderung ist zum Beispiel, ein m\u00f6glichst idyllisches Selbstportrait hinzubekommen, auf dem man sogar den offiziellen Wanderweg sieht. Wen man an romantische Gem\u00e4lde zur\u00fcckdenkt, m\u00fcsste das doch eigentlich gar nicht so schwierig sein. Dieses Problem ist vielleicht bei uns in der Schweiz nicht in dieser Form so akut, die Problematik ist aber analog zum Beispiel sehr gut bei den beliebten Bildern in Raps- und Sonnenblumenfelder zu sehen. Mithilfe der Fotografie k\u00f6nnen wir unsere kollektive Wahrnehmung von \u00c4sthetik massgeblich beeinflussen &#8211; das sollten wir nicht untersch\u00e4tzen.<\/p>\n<figure id=\"attachment_13755\" aria-describedby=\"caption-attachment-13755\" style=\"width: 768px\" class=\"wp-caption alignnone\"><img loading=\"lazy\" decoding=\"async\" class=\"wp-image-13755 size-large\" src=\"https:\/\/www.pixolum.com\/blog\/wp-content\/uploads\/2020\/08\/selbstportraits-romantisch-800x1067.jpg\" alt=\"frau haelt zweig in die luft in winterlandschaft\" width=\"768\" height=\"1024\" title=\"\" srcset=\"https:\/\/www.pixolum.com\/blog\/wp-content\/uploads\/2020\/08\/selbstportraits-romantisch-800x1067.jpg 800w, https:\/\/www.pixolum.com\/blog\/wp-content\/uploads\/2020\/08\/selbstportraits-romantisch-250x333.jpg 250w, https:\/\/www.pixolum.com\/blog\/wp-content\/uploads\/2020\/08\/selbstportraits-romantisch-768x1024.jpg 768w, https:\/\/www.pixolum.com\/blog\/wp-content\/uploads\/2020\/08\/selbstportraits-romantisch-1152x1536.jpg 1152w, https:\/\/www.pixolum.com\/blog\/wp-content\/uploads\/2020\/08\/selbstportraits-romantisch-120x160.jpg 120w, https:\/\/www.pixolum.com\/blog\/wp-content\/uploads\/2020\/08\/selbstportraits-romantisch.jpg 1536w\" sizes=\"auto, (max-width: 768px) 100vw, 768px\" \/><figcaption id=\"caption-attachment-13755\" class=\"wp-caption-text\">(@Anna-Lena Holm Photography)<\/figcaption><\/figure>\n<h3>Nimm nur was du dringend brauchst<\/h3>\n<p>Bevor ich Bl\u00e4tter oder \u00c4ste abreisse, schaue ich, ob etwas Passendes vielleicht schon am Boden liegt und wenn ich Blumen brauche, nehme ich nur, was \u00fcppig w\u00e4chst und vielleicht sowieso in einer Woche abgem\u00e4ht w\u00fcrde. Auch bei anderen Utensilien f\u00fcr das Foto, versuche ich in Gedanken an die Umwelt, Ressourcen zu sparen. Wenn m\u00f6glich, kaufe ich sowohl Equipment als auch Kleidung Second Hand oder mache etwas aus dem, was ich sowieso schon habe. Das sieht man zwar nur bedingt auf dem Foto, aber f\u00fcr mich pers\u00f6nlich geh\u00f6rt das zur Message, die ich mit den Bildern \u00fcbermitteln m\u00f6chte.<\/p>\n<figure id=\"attachment_13756\" aria-describedby=\"caption-attachment-13756\" style=\"width: 768px\" class=\"wp-caption alignnone\"><img loading=\"lazy\" decoding=\"async\" class=\"wp-image-13756 size-large\" src=\"https:\/\/www.pixolum.com\/blog\/wp-content\/uploads\/2020\/08\/selbstportraits-utensilien-800x1067.jpg\" alt=\"selbstportraits in winterlandschaft mit kleid und blaetter in der hand\" width=\"768\" height=\"1024\" title=\"\" srcset=\"https:\/\/www.pixolum.com\/blog\/wp-content\/uploads\/2020\/08\/selbstportraits-utensilien-800x1067.jpg 800w, https:\/\/www.pixolum.com\/blog\/wp-content\/uploads\/2020\/08\/selbstportraits-utensilien-250x333.jpg 250w, https:\/\/www.pixolum.com\/blog\/wp-content\/uploads\/2020\/08\/selbstportraits-utensilien-768x1024.jpg 768w, https:\/\/www.pixolum.com\/blog\/wp-content\/uploads\/2020\/08\/selbstportraits-utensilien-1152x1536.jpg 1152w, https:\/\/www.pixolum.com\/blog\/wp-content\/uploads\/2020\/08\/selbstportraits-utensilien-120x160.jpg 120w, https:\/\/www.pixolum.com\/blog\/wp-content\/uploads\/2020\/08\/selbstportraits-utensilien.jpg 1536w\" sizes=\"auto, (max-width: 768px) 100vw, 768px\" \/><figcaption id=\"caption-attachment-13756\" class=\"wp-caption-text\">(@Anna-Lena Holm Photography)<\/figcaption><\/figure>\n<h2><span class=\"headingSquareNumber\">6<\/span> Idee &amp; Inspiration<\/h2>\n<p>Falls du vielleicht noch kein Thema f\u00fcr deine Selbstportraits gefunden hast, mit dem du dich auch fotografisch auseinandersetzen m\u00f6chtest oder falls du die Selbstportraits auch einfach zur \u00dcbung machen m\u00f6chtest, gibt es verschieden Dinge, die du ausprobieren kannst.<\/p>\n<ul class=\"iconlist\">\n<li>Als <strong>Licht&amp;Technik \u00dcbung<\/strong> ist es oft sehr hilfreich, wenn du versuchst, dich von anderen Fotografen oder auch von der Malerei inspirieren zu lassen. Versuche auch mal, ein Portrait so genau wie m\u00f6glich und mit dir selbst als Model zu kopieren.<\/li>\n<li>Die Idee f\u00fcr eine <strong>Bildreihe<\/strong> k\u00f6nnte etwas Simples sein wie das Erstellen eines Selbstportraits in jeder erdenklichen, nat\u00fcrlichen Lichtsituation. Oder aber etwas komplexer, wie zum Beispiel, wenn du deine eigene Rolle im \u00d6kosystem bildlich darstellen w\u00fcrdest.<\/li>\n<\/ul>\n<p>Im Fotografie-Studium waren Selbstportraits oft Thema und Grundlage f\u00fcr verschiedene \u00dcbungen. Bei diesem Bild war die Aufgabe, sich selbst m\u00f6glichst authentisch in eine spezifische Menschengruppe oder Ethnizit\u00e4t zu versetzen &#8211; trotz unseres vielleicht unpassenden Aussehens. Sehr beeindruckend sind zu diesem Thema zum Beispiel die Fotos der koreanischen Fotografin <a href=\"http:\/\/www.artnet.de\/k%C3%BCnstler\/nikki-s-lee\/\" target=\"_blank\" rel=\"noopener\">Nikki S. Lee<\/a>.<\/p>\n<figure id=\"attachment_13757\" aria-describedby=\"caption-attachment-13757\" style=\"width: 724px\" class=\"wp-caption alignnone\"><img loading=\"lazy\" decoding=\"async\" class=\"wp-image-13757 size-large\" src=\"https:\/\/www.pixolum.com\/blog\/wp-content\/uploads\/2020\/08\/selbstportraits-projekt-800x1132.jpg\" alt=\"frau mit stammesbemalung im gesicht auf magazin cover\" width=\"724\" height=\"1024\" title=\"\" srcset=\"https:\/\/www.pixolum.com\/blog\/wp-content\/uploads\/2020\/08\/selbstportraits-projekt-800x1132.jpg 800w, https:\/\/www.pixolum.com\/blog\/wp-content\/uploads\/2020\/08\/selbstportraits-projekt-250x354.jpg 250w, https:\/\/www.pixolum.com\/blog\/wp-content\/uploads\/2020\/08\/selbstportraits-projekt-768x1086.jpg 768w, https:\/\/www.pixolum.com\/blog\/wp-content\/uploads\/2020\/08\/selbstportraits-projekt-1086x1536.jpg 1086w, https:\/\/www.pixolum.com\/blog\/wp-content\/uploads\/2020\/08\/selbstportraits-projekt-120x170.jpg 120w, https:\/\/www.pixolum.com\/blog\/wp-content\/uploads\/2020\/08\/selbstportraits-projekt.jpg 1240w\" sizes=\"auto, (max-width: 724px) 100vw, 724px\" \/><figcaption id=\"caption-attachment-13757\" class=\"wp-caption-text\">(@Anna-Lena Holm Photography)<\/figcaption><\/figure>\n<h2><span class=\"headingSquareNumber\">7<\/span> Location<\/h2>\n<p>\u00dcber die Jahre habe ich gelernt, die Sch\u00f6nheit der Natur auch an den unscheinbarsten Ecken wahrzunehmen. Tats\u00e4chlich brauchst du keine atemberaubende Kulisse oder ein Meer aus bunten Blumen, um eine tolle Location zu haben. Schau dich in deiner Umgebung um, versuche dir vorzustellen, wie du mithilfe der fotografischen Gestaltungsmittel das Beste herausholen kannst. Oft reicht schon ein einzelner Busch mit Beeren oder Bl\u00fcten, ein umgefallener Baum, eine besondere <a href=\"https:\/\/www.pixolum.com\/blog\/fotografie\/8-kamera-perspektiven-fuer-die-optimale-bildwirkung\">Perspektive<\/a> oder einfach mystisches Wetter, um den Hintergrund in deinem Selbstportrait magisch wirken zu lassen.<\/p>\n<blockquote><p>Das Setting vor diesem Eichenbaum ist wirklich sehr simpel. Mystisch wird es erst durch den Nebel im Morgenlicht und durch die herbstliche F\u00e4rbung der Bl\u00e4tter. Der Zeitpunkt der Aufnahme kann also genauso grossen Einfluss auf die Bildwirkung haben, wie der Ort selbst.<br \/>\n<cite>Anna-Lena Holm<\/cite><\/p><\/blockquote>\n<figure id=\"attachment_13758\" aria-describedby=\"caption-attachment-13758\" style=\"width: 800px\" class=\"wp-caption alignnone\"><img loading=\"lazy\" decoding=\"async\" class=\"wp-image-13758 size-large\" src=\"https:\/\/www.pixolum.com\/blog\/wp-content\/uploads\/2020\/08\/selbstportraits-location-800x533.jpg\" alt=\"frau mit blauem tuch vor einem baum posierend\" width=\"800\" height=\"533\" title=\"\" srcset=\"https:\/\/www.pixolum.com\/blog\/wp-content\/uploads\/2020\/08\/selbstportraits-location-800x533.jpg 800w, https:\/\/www.pixolum.com\/blog\/wp-content\/uploads\/2020\/08\/selbstportraits-location-250x167.jpg 250w, https:\/\/www.pixolum.com\/blog\/wp-content\/uploads\/2020\/08\/selbstportraits-location-768x512.jpg 768w, https:\/\/www.pixolum.com\/blog\/wp-content\/uploads\/2020\/08\/selbstportraits-location-1536x1024.jpg 1536w, https:\/\/www.pixolum.com\/blog\/wp-content\/uploads\/2020\/08\/selbstportraits-location-120x80.jpg 120w, https:\/\/www.pixolum.com\/blog\/wp-content\/uploads\/2020\/08\/selbstportraits-location.jpg 2048w\" sizes=\"auto, (max-width: 800px) 100vw, 800px\" \/><figcaption id=\"caption-attachment-13758\" class=\"wp-caption-text\">(@Anna-Lena Holm Photography)<\/figcaption><\/figure>\n<h2><span class=\"headingSquareNumber\">8<\/span> Nat\u00fcrliches Licht<\/h2>\n<p>Beim Einsatz von Licht sind dir in der Natur fast keine Grenzen gesetzt. Du kannst nat\u00fcrlich auch <a href=\"https:\/\/www.pixolum.com\/blog\/fotografie\/blitz-blitzlicht\">Blitze<\/a> mit nach draussen nehmen und das Licht genau nach deinen Vorstellungen gestalten. Ein besonderer Reiz an der Fotografie in der Natur war f\u00fcr mich aber immer, dass man sich an die vorhandenen Lichtverh\u00e4ltnisse anpassen muss. Ich habe oft einen Reflektor dabei, um eine Situation aufhellen oder abschatten zu k\u00f6nnen. Meistens kommt er aber nicht mal zum Einsatz.<\/p>\n<figure id=\"attachment_13751\" aria-describedby=\"caption-attachment-13751\" style=\"width: 800px\" class=\"wp-caption alignnone\"><img loading=\"lazy\" decoding=\"async\" class=\"wp-image-13751 size-large\" src=\"https:\/\/www.pixolum.com\/blog\/wp-content\/uploads\/2020\/08\/selbstportrait-lichtverhaeltnisse-800x533.jpg\" alt=\"frau steht in mitten von berglandschaft selbstportraits\" width=\"800\" height=\"533\" title=\"\" srcset=\"https:\/\/www.pixolum.com\/blog\/wp-content\/uploads\/2020\/08\/selbstportrait-lichtverhaeltnisse-800x533.jpg 800w, https:\/\/www.pixolum.com\/blog\/wp-content\/uploads\/2020\/08\/selbstportrait-lichtverhaeltnisse-250x167.jpg 250w, https:\/\/www.pixolum.com\/blog\/wp-content\/uploads\/2020\/08\/selbstportrait-lichtverhaeltnisse-768x512.jpg 768w, https:\/\/www.pixolum.com\/blog\/wp-content\/uploads\/2020\/08\/selbstportrait-lichtverhaeltnisse-1536x1024.jpg 1536w, https:\/\/www.pixolum.com\/blog\/wp-content\/uploads\/2020\/08\/selbstportrait-lichtverhaeltnisse-120x80.jpg 120w, https:\/\/www.pixolum.com\/blog\/wp-content\/uploads\/2020\/08\/selbstportrait-lichtverhaeltnisse.jpg 2048w\" sizes=\"auto, (max-width: 800px) 100vw, 800px\" \/><figcaption id=\"caption-attachment-13751\" class=\"wp-caption-text\">(@Anna-Lena Holm Photography)<\/figcaption><\/figure>\n<h2><span class=\"headingSquareNumber\">9<\/span> Equipment<\/h2>\n<p>F\u00fcr das Aufnehmen von Selbstportraits gibt es mittlerweile viele tolle Systeme. Bei Kameras mit WLAN kannst du \u00fcber eine App mittlerweile sogar die Einstellungen und den Bildausschnitt auf dem Smartphone kontrollieren und nat\u00fcrlich auch ausl\u00f6sen. Aber auch ein normaler, kabelloser Selbstausl\u00f6ser verringert das Hin- und Herspringen zwischen Kamera und Kulisse enorm.<\/p>\n<p>Wenn du ein genaues Bild vor Augen hast und deshalb nicht lange experimentieren musst, kannst du dir nat\u00fcrlich auch ein Mensch als Stativ zur Hilfe nehmen. Solange du die gestalterischen und technischen Entscheidungen triffst und die Person hinter der Kamera nur noch abdr\u00fccken muss, bleiben auch s\u00e4mtliche <a href=\"https:\/\/www.pixolum.com\/blog\/fotografie\/urheberrecht-nutzungsrecht-bilder-schweizer-gesetz\">Urheberrechte<\/a> bei dir. Der Ausl\u00f6sende ist somit offiziell \u201eLichtbildner\/In\u201c und du bleibst der Fotograf des Bildes. Trotzdem ist es vielleicht sinnvoll, dies kurz zu kl\u00e4ren &#8211; besonders wenn die andere Person auch Fotograf ist.<\/p>\n<h2><span class=\"headingSquareNumber\">10<\/span> Bis ins Detail<\/h2>\n<p>\u00dcberlege dir, welche gestalterischen Elemente deine Aussage f\u00fcr die Selbstportraits am besten unterstreichen. Was ist wichtig? Wie soll der Charakter wirken? Hilfreich ist auch umgekehrt zu denken. Welches Element auf dem Bild ist eigentlich nichtssagend und somit st\u00f6rend? Kannst du diese \u00fcberfl\u00fcssigen Elemente eliminieren oder m\u00f6glichst unscheinbar machen?<\/p>\n<p>Zum Beispiel: Du m\u00f6chtest ein Foto machen, das etwas zum Thema Naturverbundenheit sagt. Sei dir bewusst, dass dabei jedes Element eine Aussage hat.<\/p>\n<ul class=\"iconlist\">\n<li>Steht der Charakter vor der Natur, die dann als eine Art B\u00fchne agiert?<\/li>\n<li>Ist der Charakter so in die Natur integriert, dass man ihn kaum wahrnimmt?<\/li>\n<li>Ist die Pose verschr\u00e4nkt und steif oder fliessend und nat\u00fcrlich?<\/li>\n<li>Tr\u00e4gt der Charakter Make-up? Wenn ja, warum?<\/li>\n<\/ul>\n<p>Mache dir die gleichen \u00dcberlegungen zu Kleidung, Licht, Wetter, Tiefensch\u00e4rfe, Bildausschnitt etc. Das Gleiche gilt nat\u00fcrlich auch f\u00fcr die Bearbeitung. Braucht die Bildaussage viel Kontrast oder doch eher eine <a href=\"https:\/\/www.pixolum.com\/blog\/fotografie\/vintage-portraits\">Vintage Bearbeitung<\/a>? Im Fotografie-Studium wurden wir bei der Besprechung unserer Bilder andauernd gefragt: &#8222;Warum hast du dich f\u00fcr dieses Detail entschieden?&#8220;. &#8222;Warum hat der Charakter blonde Haare?&#8220;. Wenn wir keine Antwort hatten oder uns herauszureden versuchten, war klar: Wir hatten uns nicht genug Gedanken zur Umsetzung gemacht.<\/p>\n<blockquote><p>Bei diesem Bild wollte ich ein aktuelles Selbstportrait machen &#8211; mit Korb, da ich sehr gerne Wildkr\u00e4uter sammle. Leider fiel mir erst im Nachhinein auf, dass mein Wildkr\u00e4uterkorb leer ist. Das ergab f\u00fcr mich keinen Sinn und ich \u00e4rgerte mich, dass ich daran nicht schon beim Fotografieren dachte. Der Teufel steckt im Detail!<br \/>\n<cite>Anna-Lena Holm<\/cite><\/p><\/blockquote>\n<figure id=\"attachment_13759\" aria-describedby=\"caption-attachment-13759\" style=\"width: 683px\" class=\"wp-caption alignnone\"><img loading=\"lazy\" decoding=\"async\" class=\"wp-image-13759 size-large\" src=\"https:\/\/www.pixolum.com\/blog\/wp-content\/uploads\/2020\/08\/selbstportraits-detail-800x1200.jpg\" alt=\"selbstportrait im wald mit korb in der hand\" width=\"683\" height=\"1024\" title=\"\" srcset=\"https:\/\/www.pixolum.com\/blog\/wp-content\/uploads\/2020\/08\/selbstportraits-detail-800x1200.jpg 800w, https:\/\/www.pixolum.com\/blog\/wp-content\/uploads\/2020\/08\/selbstportraits-detail-250x375.jpg 250w, https:\/\/www.pixolum.com\/blog\/wp-content\/uploads\/2020\/08\/selbstportraits-detail-768x1152.jpg 768w, https:\/\/www.pixolum.com\/blog\/wp-content\/uploads\/2020\/08\/selbstportraits-detail-1024x1536.jpg 1024w, https:\/\/www.pixolum.com\/blog\/wp-content\/uploads\/2020\/08\/selbstportraits-detail-120x180.jpg 120w, https:\/\/www.pixolum.com\/blog\/wp-content\/uploads\/2020\/08\/selbstportraits-detail.jpg 1365w\" sizes=\"auto, (max-width: 683px) 100vw, 683px\" \/><figcaption id=\"caption-attachment-13759\" class=\"wp-caption-text\">(@Anna-Lena Holm Photography)<\/figcaption><\/figure>","protected":false},"excerpt":{"rendered":"<p>Warum Selbstportraits in der Natur? Schon hunderte Jahre bevor das Wort \u201eSelfie\u201c erfunden wurde, war es im Kunsthandwerk und vor allem in der Malerei g\u00e4ngig, Selbstbildnisse zu erstellen. So soll sich zum Beispiel der griechische Bildhauer Phidias schon in der Antike auf einer Statue selbst verewigt haben. Richtig popul\u00e4r wurde das Selbstportrait dann in der [&hellip;]<\/p>\n","protected":false},"author":80,"featured_media":13750,"comment_status":"open","ping_status":"closed","sticky":false,"template":"","format":"standard","meta":{"om_disable_all_campaigns":false,"footnotes":""},"categories":[2],"tags":[122,125],"class_list":["post-13743","post","type-post","status-publish","format-standard","has-post-thumbnail","hentry","category-fotografie","tag-fotografie-tipps","tag-portraitfotografie"],"_links":{"self":[{"href":"https:\/\/www.pixolum.com\/blog\/wp-json\/wp\/v2\/posts\/13743","targetHints":{"allow":["GET"]}}],"collection":[{"href":"https:\/\/www.pixolum.com\/blog\/wp-json\/wp\/v2\/posts"}],"about":[{"href":"https:\/\/www.pixolum.com\/blog\/wp-json\/wp\/v2\/types\/post"}],"author":[{"embeddable":true,"href":"https:\/\/www.pixolum.com\/blog\/wp-json\/wp\/v2\/users\/80"}],"replies":[{"embeddable":true,"href":"https:\/\/www.pixolum.com\/blog\/wp-json\/wp\/v2\/comments?post=13743"}],"version-history":[{"count":9,"href":"https:\/\/www.pixolum.com\/blog\/wp-json\/wp\/v2\/posts\/13743\/revisions"}],"predecessor-version":[{"id":17479,"href":"https:\/\/www.pixolum.com\/blog\/wp-json\/wp\/v2\/posts\/13743\/revisions\/17479"}],"wp:featuredmedia":[{"embeddable":true,"href":"https:\/\/www.pixolum.com\/blog\/wp-json\/wp\/v2\/media\/13750"}],"wp:attachment":[{"href":"https:\/\/www.pixolum.com\/blog\/wp-json\/wp\/v2\/media?parent=13743"}],"wp:term":[{"taxonomy":"category","embeddable":true,"href":"https:\/\/www.pixolum.com\/blog\/wp-json\/wp\/v2\/categories?post=13743"},{"taxonomy":"post_tag","embeddable":true,"href":"https:\/\/www.pixolum.com\/blog\/wp-json\/wp\/v2\/tags?post=13743"}],"curies":[{"name":"wp","href":"https:\/\/api.w.org\/{rel}","templated":true}]}}